{"id":8570,"date":"2016-11-21T14:40:28","date_gmt":"2016-11-21T12:40:28","guid":{"rendered":"http:\/\/www.rfz-bochum-nord.com\/?p=8570"},"modified":"2016-11-21T14:40:28","modified_gmt":"2016-11-21T12:40:28","slug":"stuermischer-lehrgang","status":"publish","type":"post","link":"https:\/\/www.rfz-bochum-nord.com\/?p=8570","title":{"rendered":"St\u00fcrmischer Lehrgang"},"content":{"rendered":"<p><img loading=\"lazy\" decoding=\"async\" class=\" size-medium wp-image-8571 alignleft\" src=\"https:\/\/www.rfz-bochum-nord.com\/wp-content\/uploads\/2016\/11\/P1120279-300x225.jpg\" alt=\"P1120279\" width=\"300\" height=\"225\" srcset=\"https:\/\/www.rfz-bochum-nord.com\/wp-content\/uploads\/2016\/11\/P1120279-300x225.jpg 300w, https:\/\/www.rfz-bochum-nord.com\/wp-content\/uploads\/2016\/11\/P1120279-1024x768.jpg 1024w\" sizes=\"auto, (max-width: 300px) 100vw, 300px\" \/> <img loading=\"lazy\" decoding=\"async\" class=\" size-medium wp-image-8572 alignright\" src=\"https:\/\/www.rfz-bochum-nord.com\/wp-content\/uploads\/2016\/11\/P1120280-300x225.jpg\" alt=\"P1120280\" width=\"300\" height=\"225\" srcset=\"https:\/\/www.rfz-bochum-nord.com\/wp-content\/uploads\/2016\/11\/P1120280-300x225.jpg 300w, https:\/\/www.rfz-bochum-nord.com\/wp-content\/uploads\/2016\/11\/P1120280-1024x768.jpg 1024w\" sizes=\"auto, (max-width: 300px) 100vw, 300px\" \/><\/p>\n<p>&nbsp;<\/p>\n<p>&nbsp;<\/p>\n<p><span class=\" _50f4\">Am vergangenem Wochenende fand auf unserer Anlage der Lehrgang &#8222;Vielseitig durch die Wintermonate&#8220; mit E. Schulte-G\u00fcnne auf unserem Springplatz statt. Wir h\u00e4tten uns f\u00fcr alle Beteiligten besseres Wetter gew\u00fcnscht, gerade am Sonntag war es teilweise recht st\u00fcrmisch. Aber davon liessen sich weder Reiter noch Pferde abschrecken. Wir hoffen es hatten trotzdem alle Spass und freuen uns auf den n\u00e4chsten Lehrgang mit Euch. Vielen Dank an alle Helfer!!!<\/span><\/p>\n","protected":false},"excerpt":{"rendered":"<p>&nbsp; &nbsp; Am vergangenem Wochenende fand auf unserer Anlage der Lehrgang &#8222;Vielseitig durch die Wintermonate&#8220; mit E. Schulte-G\u00fcnne auf unserem Springplatz statt. Wir h\u00e4tten uns f\u00fcr alle Beteiligten besseres Wetter gew\u00fcnscht, gerade am Sonntag war es teilweise recht st\u00fcrmisch. Aber davon liessen sich weder Reiter noch Pferde abschrecken. Wir hoffen es hatten trotzdem alle Spass [&hellip;]<\/p>\n","protected":false},"author":1,"featured_media":0,"comment_status":"closed","ping_status":"open","sticky":false,"template":"","format":"standard","meta":{"ngg_post_thumbnail":0,"footnotes":""},"categories":[4],"tags":[],"class_list":["post-8570","post","type-post","status-publish","format-standard","hentry","category-presse"],"_links":{"self":[{"href":"https:\/\/www.rfz-bochum-nord.com\/index.php?rest_route=\/wp\/v2\/posts\/8570","targetHints":{"allow":["GET"]}}],"collection":[{"href":"https:\/\/www.rfz-bochum-nord.com\/index.php?rest_route=\/wp\/v2\/posts"}],"about":[{"href":"https:\/\/www.rfz-bochum-nord.com\/index.php?rest_route=\/wp\/v2\/types\/post"}],"author":[{"embeddable":true,"href":"https:\/\/www.rfz-bochum-nord.com\/index.php?rest_route=\/wp\/v2\/users\/1"}],"replies":[{"embeddable":true,"href":"https:\/\/www.rfz-bochum-nord.com\/index.php?rest_route=%2Fwp%2Fv2%2Fcomments&post=8570"}],"version-history":[{"count":1,"href":"https:\/\/www.rfz-bochum-nord.com\/index.php?rest_route=\/wp\/v2\/posts\/8570\/revisions"}],"predecessor-version":[{"id":8573,"href":"https:\/\/www.rfz-bochum-nord.com\/index.php?rest_route=\/wp\/v2\/posts\/8570\/revisions\/8573"}],"wp:attachment":[{"href":"https:\/\/www.rfz-bochum-nord.com\/index.php?rest_route=%2Fwp%2Fv2%2Fmedia&parent=8570"}],"wp:term":[{"taxonomy":"category","embeddable":true,"href":"https:\/\/www.rfz-bochum-nord.com\/index.php?rest_route=%2Fwp%2Fv2%2Fcategories&post=8570"},{"taxonomy":"post_tag","embeddable":true,"href":"https:\/\/www.rfz-bochum-nord.com\/index.php?rest_route=%2Fwp%2Fv2%2Ftags&post=8570"}],"curies":[{"name":"wp","href":"https:\/\/api.w.org\/{rel}","templated":true}]}}