{"id":14928,"date":"2022-03-29T14:06:45","date_gmt":"2022-03-29T12:06:45","guid":{"rendered":"http:\/\/www.rfz-bochum-nord.com\/?p=14928"},"modified":"2022-05-16T20:35:52","modified_gmt":"2022-05-16T18:35:52","slug":"springlehrgang-mit-axel-fromm","status":"publish","type":"post","link":"https:\/\/www.rfz-bochum-nord.com\/?p=14928","title":{"rendered":"Springlehrgang mit Axel Fromm"},"content":{"rendered":"\n<figure class=\"wp-block-image size-large\"><img loading=\"lazy\" decoding=\"async\" width=\"1024\" height=\"684\" src=\"https:\/\/www.rfz-bochum-nord.com\/wp-content\/uploads\/2022\/03\/IMG-20220328-WA0000-1024x684.jpg\" alt=\"\" class=\"wp-image-14929\" srcset=\"https:\/\/www.rfz-bochum-nord.com\/wp-content\/uploads\/2022\/03\/IMG-20220328-WA0000-1024x684.jpg 1024w, https:\/\/www.rfz-bochum-nord.com\/wp-content\/uploads\/2022\/03\/IMG-20220328-WA0000-300x200.jpg 300w, https:\/\/www.rfz-bochum-nord.com\/wp-content\/uploads\/2022\/03\/IMG-20220328-WA0000-768x513.jpg 768w, https:\/\/www.rfz-bochum-nord.com\/wp-content\/uploads\/2022\/03\/IMG-20220328-WA0000-1536x1025.jpg 1536w, https:\/\/www.rfz-bochum-nord.com\/wp-content\/uploads\/2022\/03\/IMG-20220328-WA0000.jpg 1600w\" sizes=\"auto, (max-width: 1024px) 100vw, 1024px\" \/><\/figure>\n\n\n\n<p>Bei wundersch\u00f6nem Sonnenschein fand am vergangenem Wochenende auf unserer Anlage ein Springlehrgang unter der Leitung von Axel Fromm statt. Grundlagenarbeit stand dabei im Vordergrund. Durch gezielte \u00dcbungen sollte die Rittigkeit verbessert werden, damit die im Parcours gestellten Anforderungen bew\u00e4ltigt werden k\u00f6nnen. <\/p>\n\n\n\n<p>Fotografisch wurde der Lehrgang von @emotionale_fotografie_steffi begleitet.<\/p>\n\n\n\n<p>Wir hoffen auf baldige Wiederholung! <\/p>\n","protected":false},"excerpt":{"rendered":"<p>Bei wundersch\u00f6nem Sonnenschein fand am vergangenem Wochenende auf unserer Anlage ein Springlehrgang unter der Leitung von Axel Fromm statt. Grundlagenarbeit stand dabei im Vordergrund. Durch gezielte \u00dcbungen sollte die Rittigkeit verbessert werden, damit die im Parcours gestellten Anforderungen bew\u00e4ltigt werden k\u00f6nnen. Fotografisch wurde der Lehrgang von @emotionale_fotografie_steffi begleitet. Wir hoffen auf baldige Wiederholung!<\/p>\n","protected":false},"author":1,"featured_media":0,"comment_status":"closed","ping_status":"open","sticky":false,"template":"","format":"standard","meta":{"ngg_post_thumbnail":0,"footnotes":""},"categories":[4],"tags":[58,59],"class_list":["post-14928","post","type-post","status-publish","format-standard","hentry","category-presse","tag-axel-fromm","tag-springlehrgang"],"_links":{"self":[{"href":"https:\/\/www.rfz-bochum-nord.com\/index.php?rest_route=\/wp\/v2\/posts\/14928","targetHints":{"allow":["GET"]}}],"collection":[{"href":"https:\/\/www.rfz-bochum-nord.com\/index.php?rest_route=\/wp\/v2\/posts"}],"about":[{"href":"https:\/\/www.rfz-bochum-nord.com\/index.php?rest_route=\/wp\/v2\/types\/post"}],"author":[{"embeddable":true,"href":"https:\/\/www.rfz-bochum-nord.com\/index.php?rest_route=\/wp\/v2\/users\/1"}],"replies":[{"embeddable":true,"href":"https:\/\/www.rfz-bochum-nord.com\/index.php?rest_route=%2Fwp%2Fv2%2Fcomments&post=14928"}],"version-history":[{"count":1,"href":"https:\/\/www.rfz-bochum-nord.com\/index.php?rest_route=\/wp\/v2\/posts\/14928\/revisions"}],"predecessor-version":[{"id":14930,"href":"https:\/\/www.rfz-bochum-nord.com\/index.php?rest_route=\/wp\/v2\/posts\/14928\/revisions\/14930"}],"wp:attachment":[{"href":"https:\/\/www.rfz-bochum-nord.com\/index.php?rest_route=%2Fwp%2Fv2%2Fmedia&parent=14928"}],"wp:term":[{"taxonomy":"category","embeddable":true,"href":"https:\/\/www.rfz-bochum-nord.com\/index.php?rest_route=%2Fwp%2Fv2%2Fcategories&post=14928"},{"taxonomy":"post_tag","embeddable":true,"href":"https:\/\/www.rfz-bochum-nord.com\/index.php?rest_route=%2Fwp%2Fv2%2Ftags&post=14928"}],"curies":[{"name":"wp","href":"https:\/\/api.w.org\/{rel}","templated":true}]}}