{"id":14097,"date":"2018-11-02T13:36:22","date_gmt":"2018-11-02T11:36:22","guid":{"rendered":"http:\/\/www.rfz-bochum-nord.com\/?p=14097"},"modified":"2018-11-02T13:36:22","modified_gmt":"2018-11-02T11:36:22","slug":"mach-dein-pferd-fit-faszienlehrgang-mit-laura-01-11-2018","status":"publish","type":"post","link":"https:\/\/www.rfz-bochum-nord.com\/?p=14097","title":{"rendered":"&#8222;Mach dein Pferd fit&#8220; Faszienlehrgang mit Laura 01.11.2018"},"content":{"rendered":"<p>Gestern war die liebe Laura von \u201emach dein Pferd fit\u201c auf unserer Anlage und gab uns einen sehr lehrreichen und interessanten Lehrgang zum Thema Faszien. Nachdem sie uns zun\u00e4chst einmal im Theorieunterricht einiges \u00fcber die Gr\u00fcnde eines verspannten Pferder\u00fcckens, die Anatomie des Pferdes, R\u00fcckenerkrankungen und Aufgaben der Faszien erkl\u00e4rte, ging es dann mit dem eigenen Pferd in die Praxis \u00fcber. So hatten alle Lehrgangsteilnehmer die M\u00f6glichkeit verschiedene \u00dcbungen, sowie diverse Faszienrollen, an ihren Pferden zu testen und es wurde sowohl von Mensch, als auch den Tieren sehr gut angenommen. Es war beeindruckend zu beobachten wie die Pferde sich immer mehr entspannten, was sich durch abkauen, g\u00e4hnen oder eind\u00f6sen bemerkbar machte. Vielen Dank f\u00fcr diesen kompetenten Lehrgang und sch\u00f6nen Tag, jetzt k\u00f6nnen auch wir als Laien unseren Pferden mit kleinen Problemchen im Alltag etwas Gutes tun \ud83d\ude0a <\/p>\n","protected":false},"excerpt":{"rendered":"<p>Gestern war die liebe Laura von \u201emach dein Pferd fit\u201c auf unserer Anlage und gab uns einen sehr lehrreichen und interessanten Lehrgang zum Thema Faszien. Nachdem sie uns zun\u00e4chst einmal im Theorieunterricht einiges \u00fcber die Gr\u00fcnde eines verspannten Pferder\u00fcckens, die Anatomie des Pferdes, R\u00fcckenerkrankungen und Aufgaben der Faszien erkl\u00e4rte, ging es dann mit dem eigenen [&hellip;]<\/p>\n","protected":false},"author":1,"featured_media":0,"comment_status":"closed","ping_status":"open","sticky":false,"template":"","format":"standard","meta":{"ngg_post_thumbnail":0,"footnotes":""},"categories":[4],"tags":[],"class_list":["post-14097","post","type-post","status-publish","format-standard","hentry","category-presse"],"_links":{"self":[{"href":"https:\/\/www.rfz-bochum-nord.com\/index.php?rest_route=\/wp\/v2\/posts\/14097","targetHints":{"allow":["GET"]}}],"collection":[{"href":"https:\/\/www.rfz-bochum-nord.com\/index.php?rest_route=\/wp\/v2\/posts"}],"about":[{"href":"https:\/\/www.rfz-bochum-nord.com\/index.php?rest_route=\/wp\/v2\/types\/post"}],"author":[{"embeddable":true,"href":"https:\/\/www.rfz-bochum-nord.com\/index.php?rest_route=\/wp\/v2\/users\/1"}],"replies":[{"embeddable":true,"href":"https:\/\/www.rfz-bochum-nord.com\/index.php?rest_route=%2Fwp%2Fv2%2Fcomments&post=14097"}],"version-history":[{"count":1,"href":"https:\/\/www.rfz-bochum-nord.com\/index.php?rest_route=\/wp\/v2\/posts\/14097\/revisions"}],"predecessor-version":[{"id":14098,"href":"https:\/\/www.rfz-bochum-nord.com\/index.php?rest_route=\/wp\/v2\/posts\/14097\/revisions\/14098"}],"wp:attachment":[{"href":"https:\/\/www.rfz-bochum-nord.com\/index.php?rest_route=%2Fwp%2Fv2%2Fmedia&parent=14097"}],"wp:term":[{"taxonomy":"category","embeddable":true,"href":"https:\/\/www.rfz-bochum-nord.com\/index.php?rest_route=%2Fwp%2Fv2%2Fcategories&post=14097"},{"taxonomy":"post_tag","embeddable":true,"href":"https:\/\/www.rfz-bochum-nord.com\/index.php?rest_route=%2Fwp%2Fv2%2Ftags&post=14097"}],"curies":[{"name":"wp","href":"https:\/\/api.w.org\/{rel}","templated":true}]}}